{"id":620,"date":"2021-04-26T13:37:52","date_gmt":"2021-04-26T11:37:52","guid":{"rendered":"https:\/\/www.christusbund.de\/news\/?p=620"},"modified":"2021-05-05T01:52:06","modified_gmt":"2021-05-04T23:52:06","slug":"corona-update-26-04-2021","status":"publish","type":"post","link":"https:\/\/www.christusbund.de\/news\/2021\/04\/26\/corona-update-26-04-2021\/","title":{"rendered":"Corona-Update 26.04.2021"},"content":{"rendered":"\n<div class=\"alert alert-info\"><strong>Wichtiger Hinweis:<\/strong> Informationen zur rechtlichen Lage in diesem Beitrag k\u00f6nnen ggf. veraltet sein. Bitte beachten Sie die aktuellen Anweisungen der zust\u00e4ndigen Beh\u00f6rden.<\/div>\n\n\n\n<p class=\"wp-block-paragraph\">Liebe Freunde und Geschwister im Christusbund,<\/p>\n\n\n\n<p class=\"wp-block-paragraph\">nun ist die \u201eBundes-Notbremse\u201c beschlossen, genauer: das Vierte Gesetz zum Schutz der Bev\u00f6lkerung bei einer epidemischen Lage von nationaler Tragweite. Vom 22. April 2021. F\u00fcr unsere Gemeindearbeit und unsere Gottesdienste ergeben sich keine einschneidenden Ver\u00e4nderungen im Vergleich zu den letzten Wochen bzw. Monaten. Wir geben einen \u00dcberblick \u00fcber die Regeln, soweit sie f\u00fcr uns relevant sind:<\/p>\n\n\n\n<p class=\"wp-block-paragraph\"><strong>Bundes-Notbremse<\/strong> (greift ab einer stabilen Inzidenz von 100)<\/p>\n\n\n\n<ul class=\"wp-block-list\"><li>Zusammenk\u00fcnfte, die der Religionsaus\u00fcbung (im Sinne des Artikels 4 des Grundgesetzes) dienen, sind weiterhin erlaubt. Die L\u00e4nder k\u00f6nnen aber auch f\u00fcr diese Bereiche Schutzma\u00dfnahmen vorsehen. <a href=\"https:\/\/www.bundesgesundheitsministerium.de\/service\/gesetze-und-verordnungen\/guv-19-lp\/4-bevschg-faq.html#c21112\" data-type=\"URL\" data-id=\"https:\/\/www.bundesgesundheitsministerium.de\/service\/gesetze-und-verordnungen\/guv-19-lp\/4-bevschg-faq.html#c21112\">www.bundesgesundheitsministerium.de\/service\/gesetze-und-verordnungen\/guv-19-lp\/4-bevschg-faq.html#c21112<\/a><\/li><li>Ausgangssperre von 22 bis 5 Uhr.<\/li><li>Eine Ausnahmeregelung f\u00fcr Geimpfte, Genesene und negativ Getestete kann noch erlassen werden.<\/li><li>Kontaktbeschr\u00e4nkungen im privaten Bereich gelten nach wie vor. Begrenzung auf Zusammenk\u00fcnfte von einem Haushalt mit h\u00f6chstens einer weiteren Person (und deren Kinder unter 14 Jahren). Max. f\u00fcnf Personen (Kinder unter 14 Jahren nicht mitgez\u00e4hlt).<\/li><\/ul>\n\n\n\n<p class=\"wp-block-paragraph\">Die <strong>Landesregierung<\/strong> schreibt weiterhin vor:<br><a href=\"https:\/\/www.baden-wuerttemberg.de\/de\/service\/aktuelle-infos-zu-corona\/aktuelle-corona-verordnung-des-landes-baden-wuerttemberg\/\" data-type=\"URL\" data-id=\"https:\/\/www.baden-wuerttemberg.de\/de\/service\/aktuelle-infos-zu-corona\/aktuelle-corona-verordnung-des-landes-baden-wuerttemberg\/\">www.baden-wuerttemberg.de\/de\/service\/aktuelle-infos-zu-corona\/aktuelle-corona-verordnung-des-landes-baden-wuerttemberg\/<\/a><\/p>\n\n\n\n<ul class=\"wp-block-list\"><li>F\u00fcr Veranstaltungen zur Religionsaus\u00fcbung und Trauerfeiern\/Begr\u00e4bnissen gilt:<\/li><li>Die bekannten Hygieneanforderungen (\u00a74 Coronaverordnung) sind einzuhalten, ein Hygienekonzept muss vorhanden sein (\u00a75 Coronaverordnung).<\/li><li>Besucherdaten m\u00fcssen erfasst und vier Wochen aufbewahrt werden.<\/li><li>Wenn eine Auslastung der r\u00e4umlichen Kapazit\u00e4ten erwartet werden kann, muss eine vorherige Anmeldung der Besucher erfolgt sein.<\/li><li>Veranstaltungen mit mehr als zehn Besuchern m\u00fcssen mindestens zwei Tage im Voraus bei der zust\u00e4ndigen Beh\u00f6rde angemeldet werden, sofern mit dieser keine generellen Absprachen getroffen wurden.<\/li><li>Zutritts- und Teilnahmeverbot bei Symptomen einer Covid-Erkrankung.<\/li><\/ul>\n\n\n\n<p class=\"wp-block-paragraph\">Von Seiten der <strong>Landeskirche<\/strong> kommen folgende Regeln, die uns nur bedingt eine Orientierung geben k\u00f6nnen:<br>Zum Selber-Nachlesen:<br><a href=\"https:\/\/www.elk-wue.de\/fileadmin\/Downloads\/Service\/Aktualisierung_Rundschreiben_Gottesdienste_15.4.2021.pdf\">www.elk-wue.de\/fileadmin\/Downloads\/Service\/Aktualisierung_Rundschreiben_Gottesdienste_15.4.2021.pdf<\/a><br><\/p>\n\n\n\n<h3 class=\"wp-block-heading\">Empfehlungen f\u00fcr Gemeinden\/Gemeinschaften im Christusbund<\/h3>\n\n\n\n<p class=\"wp-block-paragraph\">Die Vorgaben der Bundes- und Landesregierung sind f\u00fcr uns verbindlich. Die Regeln der Kirche bieten uns eine grobe Orientierung. Deshalb empfehlen wir f\u00fcr <strong>Christusbund-Gemeinden und -Gemeinschaften<\/strong> ab 24.4. 2021:<\/p>\n\n\n\n<p class=\"wp-block-paragraph\"><strong>Bei einer 7-Tages-Inzidenz \u00fcber 100\/100.000 Einwohner:<\/strong><\/p>\n\n\n\n<ul class=\"wp-block-list\"><li>Abstand von 1,5 m zwischen Haushalten.<\/li><li>Medizinische Maske muss getragen werden \u2013 w\u00e4hrend des gesamten Gottesdienstes und bei \u201eAn- und Abreise\u201c.<\/li><li>Gut l\u00fcften.<\/li><li>Vor und nach dem Gottesdienst darf es keine \u201eAnsammlungen\u201c geben. (Wir achten hier auch auf unsere Au\u00dfenwirkung!)<\/li><li>Wo Gottesdienste unter freiem Himmel m\u00f6glich sind: umso besser!<\/li><li>Anmeldung, wenn die Kapazit\u00e4t an die Auslastungsgrenze kommt.<\/li><li>Die Veranstaltung muss zwei Tage im Voraus bei der \u00f6rtl. Beh\u00f6rde angemeldet werden (wenn nicht schon geschehen z.B. bei regelm\u00e4\u00dfigen Sonntagsgottesdiensten).<\/li><li>Kein Gemeindegesang. Musikteam darf singen und proben (Abstand zwischen den S\u00e4ngern mind. 2 m).<\/li><li>Wir verzichten in dieser Zeit auf die Abendmahlfeier<\/li><li>Kreise (Jugend-, Kinder-, Hauskreis, Bibelkreise) m\u00f6glichst nur online.<\/li><li>Sonntagsschule\/Kinderbetreuung w\u00e4hrend des Gottesdienstes:<ul><li>Nach M\u00f6glichkeit Abstand von 1,5 m zwischen den Haushalten (Geschwister d\u00fcrfen zusammensitzen).<\/li><li>Maske ab 6 Jahren.<\/li><li>Mitarbeiter tragen Masken. Au\u00dfer beim Erz\u00e4hlen der Geschichte und beim Gebet.<\/li><\/ul><\/li><li>Gremiensitzungen m\u00f6glichst nur noch digital.<\/li><\/ul>\n\n\n\n<p class=\"wp-block-paragraph\"><strong>Bei einer 7-Tages-Inzidenz \u00fcber 300\/100.000 Einwohner empfehlen wir stand heute:<\/strong><\/p>\n\n\n\n<ul class=\"wp-block-list\"><li>M\u00f6glichst nur Gottesdienst mit ganz wenigen Teilnehmern zum Zweck der digitalen \u00dcbertragung.<\/li><li>Keine Kinderbetreuung w\u00e4hrend des Gottesdienstes.<\/li><\/ul>\n\n\n\n<p class=\"wp-block-paragraph\">Die besonderen Gegebenheiten vor Ort und die Ordnungen der kommunalen Beh\u00f6rden m\u00fcssen von jeder Gemeinde selbst beachtet werden.<\/p>\n\n\n\n<p class=\"wp-block-paragraph\">Wichtig ist, wie immer in dieser Frage: Die Verantwortlichen in der Gemeinde m\u00fcssen entscheiden, wie sie die Gemeinde durch diese Corona-Krise lenken. Gleichzeitig denken wir daran, dass jedes Verhalten vor Ort im \u201eErnstfall\u201c eines Infektionsgeschehens auch Auswirkungen auf unseren ganzen Verband hat.<\/p>\n\n\n\n<p class=\"wp-block-paragraph\">Seid ganz herzlich gegr\u00fc\u00dft und dem Herrn Jesus anbefohlen.<br>Eure<br>Klaus und Matthias und der ganze Christusbund-Verbands-Vorstand.<\/p>\n","protected":false},"excerpt":{"rendered":"<p>Wichtiger Hinweis: Informationen zur rechtlichen Lage in diesem Beitrag k\u00f6nnen ggf. veraltet sein. Bitte beachten Sie die aktuellen Anweisungen der zust\u00e4ndigen Beh\u00f6rden. Liebe Freunde und Geschwister im Christusbund, nun ist die \u201eBundes-Notbremse\u201c beschlossen, genauer: das Vierte Gesetz zum Schutz der [&hellip;]<\/p>\n","protected":false},"author":2,"featured_media":0,"comment_status":"closed","ping_status":"closed","sticky":false,"template":"","format":"standard","meta":{"footnotes":""},"categories":[4,6,10],"tags":[],"class_list":["post-620","post","type-post","status-publish","format-standard","hentry","category-gottesdienst","category-kinder-und-jungschar","category-teens-jugendliche"],"publishpress_future_action":{"enabled":false,"date":"2026-09-12 23:51:30","action":"change-status","newStatus":"draft","terms":[],"taxonomy":"category","extraData":[]},"publishpress_future_workflow_manual_trigger":{"enabledWorkflows":[]},"_links":{"self":[{"href":"https:\/\/www.christusbund.de\/news\/wp-json\/wp\/v2\/posts\/620","targetHints":{"allow":["GET"]}}],"collection":[{"href":"https:\/\/www.christusbund.de\/news\/wp-json\/wp\/v2\/posts"}],"about":[{"href":"https:\/\/www.christusbund.de\/news\/wp-json\/wp\/v2\/types\/post"}],"author":[{"embeddable":true,"href":"https:\/\/www.christusbund.de\/news\/wp-json\/wp\/v2\/users\/2"}],"replies":[{"embeddable":true,"href":"https:\/\/www.christusbund.de\/news\/wp-json\/wp\/v2\/comments?post=620"}],"version-history":[{"count":4,"href":"https:\/\/www.christusbund.de\/news\/wp-json\/wp\/v2\/posts\/620\/revisions"}],"predecessor-version":[{"id":626,"href":"https:\/\/www.christusbund.de\/news\/wp-json\/wp\/v2\/posts\/620\/revisions\/626"}],"wp:attachment":[{"href":"https:\/\/www.christusbund.de\/news\/wp-json\/wp\/v2\/media?parent=620"}],"wp:term":[{"taxonomy":"category","embeddable":true,"href":"https:\/\/www.christusbund.de\/news\/wp-json\/wp\/v2\/categories?post=620"},{"taxonomy":"post_tag","embeddable":true,"href":"https:\/\/www.christusbund.de\/news\/wp-json\/wp\/v2\/tags?post=620"}],"curies":[{"name":"wp","href":"https:\/\/api.w.org\/{rel}","templated":true}]}}