{"id":486,"date":"2020-05-28T18:18:26","date_gmt":"2020-05-28T16:18:26","guid":{"rendered":"http:\/\/www.christusbund.de\/news\/?p=486"},"modified":"2020-06-21T17:32:50","modified_gmt":"2020-06-21T15:32:50","slug":"christusbund-info-mail-28-04","status":"publish","type":"post","link":"https:\/\/www.christusbund.de\/news\/2020\/05\/28\/christusbund-info-mail-28-04\/","title":{"rendered":"Christusbund Info-Mail Juni 2020 (28.05.)"},"content":{"rendered":"\n<p class=\"wp-block-paragraph\"><div class=\"alert alert-info\"><strong>Wichtiger Hinweis:<\/strong> Informationen zur rechtlichen Lage in diesem Beitrag k\u00f6nnen ggf. veraltet sein. Bitte beachten Sie die aktuellen Anweisungen der zust\u00e4ndigen Beh\u00f6rden.<\/div><\/p>\n\n\n\n<blockquote class=\"wp-block-quote is-layout-flow wp-block-quote-is-layout-flow\"><p>Du allein kennst das Herz aller Menschenkinder.<\/p><cite>1. K\u00f6nige 8,39<\/cite><\/blockquote>\n\n\n\n<p class=\"wp-block-paragraph\">Liebe Infomail-Leser,<\/p>\n\n\n\n<p class=\"wp-block-paragraph\">wie immer hier ein paar kurze Gedanken zum Monatsspruch.<br>Wir m\u00fcssen aber die Verse davor auch zitieren. Wir befinden uns mitten in der Einweihungszeremonie des Tempels, den Salomo f\u00fcr Gott bauen sollte. Salomo und Gott machen eine Art Vertrag, einen Bund. Teil dieses Vertrages sind folgende Zeilen:<br>V.33: Wenn dein Volk Israel vor dem Feind geschlagen wird, weil sie an dir ges\u00fcndigt haben, und sie bekehren sich dann zu dir und bekennen deinen Namen und beten und flehen zu dir in diesem Hause.<br>V.34: So wollest du h\u00f6ren im Himmel und die S\u00fcnde deines Volkes Israel vergeben und sie zur\u00fcckbringen in das Land, das du ihren V\u00e4tern gegeben hast! \u2026<br>V.37: Wenn eine Hungersnot oder Pest \u2026 oder irgendeine Plage oder Krankheit da ist \u2026 V.38: wer dann bittet und fleht, es sei jeder Mensch oder dein ganzes Volk Israel, die da ihre Plage sp\u00fcren, jeder in seinem Herzen, und breiten ihre H\u00e4nde aus zu diesem Hause,<br>V.39: so wollest du h\u00f6ren im Himmel, an dem Ort, wo du wohnst, und gn\u00e4dig sein und schaffen, dass du jedem gibst, wie er gewandelt ist, wie du sein Herz erkennst \u2013 denn du allein kennst das Herz aller Menschenkinder \u2013, V.40: auf dass sie dich f\u00fcrchten allezeit, solange sie in dem Lande leben, das du unsern V\u00e4tern gegeben hast.<br>Wir halten vier Dinge aus diesem Bibelabschnitt, der so eigenartige Bedeutung f\u00fcr unsere Zeit bekommt, fest:<\/p>\n\n\n\n<p class=\"wp-block-paragraph\"><strong>1) Wir sagen nicht, wir w\u00fcssten, dass diese Pandemie&nbsp;ein&nbsp;Gericht Gottes f\u00fcr die S\u00fcnde der Menschen oder gar f\u00fcr die S\u00fcnde eines Menschen sei.<\/strong>&nbsp;Die Verse 37ff reden nicht von S\u00fcnde. Sondern schlicht von einer gro\u00dfen Not im Volk. Wir wissen um den von Geburt an blinden Mann, bei dem die J\u00fcnger argwohnten, er oder seine Eltern m\u00fcssten ges\u00fcndigt haben, dass ihn solch ein Schicksal getroffen habe. Jesu Antwort ist eindeutig: Weder dieser hat ges\u00fcndigt, noch seine Eltern. Sondern damit die Werke Gottes an ihm offenbart w\u00fcrden.\u201c (Joh 9,3)<\/p>\n\n\n\n<p class=\"wp-block-paragraph\"><strong>2) Wir sagen nicht, wir w\u00fcssten, dass diese Pandemie&nbsp;kein&nbsp;Gericht Gottes f\u00fcr die S\u00fcnde der Menschen oder gar f\u00fcr die S\u00fcnde eines Menschen sei.<\/strong>&nbsp;Die Verse 33ff reden deutlich davon, dass Gott in seiner ihm eigenen, un\u00fcbertrefflichen Liebe die Menschen mit gro\u00dfem Ernst wieder zu sich ruft, wenn sie ihn links liegen gelassen haben. Ein Gericht ist immer ein offensichtlich alternativloses Ringen um die Menschen in der ganzen, umfassenden Liebe Gottes. Wir wissen um die Geschichte der 18 Menschen, auf die der Turm von Siloah gefallen ist. Es ist f\u00fcr Jesus klar, dass diese 18 nicht mehr ges\u00fcndigt hatten als die, denen nichts passiert ist (Lk 13,4-5). Aber f\u00fcr alle war es ein ernster Aufruf: \u201eWenn ihr nicht umkehrt zu eurem Gott, werdet ihr alle ebenso umkommen.\u201c<\/p>\n\n\n\n<p class=\"wp-block-paragraph\"><strong>3) Wir sind nicht Gottes Geheimsekret\u00e4re<\/strong>, die er in alle seine Gedanken eingeweiht h\u00e4tte. Deshalb sind beide vorher genannten S\u00e4tze falsch und unn\u00fcchtern. Wir beteiligen uns auch nicht an eigenartigen Endzeit-Spekulationen. Wir wissen doch das Wichtigste: Jesus kommt wieder. Ja! Das kann heute sein, oder sp\u00e4ter. Wir wollen bereit dazu sein! Und wenn Gott noch Geduld hat, um noch mehr in sein Reich einzuladen: Wer will ihm das ver\u00fcbeln? (Vgl. 2. Petr. 3,9)<\/p>\n\n\n\n<p class=\"wp-block-paragraph\"><strong>4) Wir fahren unbeirrt fort, Menschen zur Umkehr zu Jesus einzuladen.<\/strong>&nbsp;Corona hin oder her. Denn jeder ist S\u00fcnder. \u201eDa ist keiner, der Gutes tut, auch nicht einer.\u201c \u201eAlle sind abgewichen.\u201c \u201eDa ist keiner, der Gott sucht.\u201c (Zitate aus R\u00f6m 3,10-12)<br>Unsere Predigt hat sich nicht ver\u00e4ndert. Unser Auftrag auch nicht. Wir haben zu sagen, was zu sagen den J\u00fcngern Jesu seit 2000 Jahren aufgetragen ist:<br>Alle haben ges\u00fcndigt und erlangen nicht die Herrlichkeit Gottes, und werden umsonst gerecht gemacht durch seine Gnade durch die Erl\u00f6sung, die durch Jesus Christus geschenkt ist.<br>Alle haben ges\u00fcndigt? Jetzt sind wir wieder bei unserem Monatsspruch: \u201e<strong>Du allein kennst das Herz aller Menschenkinder.\u201c<\/strong>&nbsp;Wenn mir das neu klar wird, dann sag ich mit oder ohne Corona, nur noch: \u201eOhne dich, Jesus, geht es nicht.\u201c Wie gut: Jesus kennt mein Herz und wei\u00df, dass ich\u2019s ernst meine! Und dann sage ich auch allen anderen: \u201eGott kennt auch dein Herz. Und er ist f\u00fcr dich da, in Jesus!\u201c<\/p>\n\n\n\n<h3 class=\"wp-block-heading\">Der Christusbund in Corona-Zeiten<\/h3>\n\n\n\n<ul class=\"wp-block-list\"><li>Wir sind dankbar f\u00fcr manche zinslose Darlehen und eine gro\u00dfe Spendenbereitschaft, die uns bisher halfen, gut \u00fcber die einnahmelose Zeit zu kommen. F\u00fcr Spenden sind wir nach wie vor dankbar. Denn es steht noch eine l\u00e4ngere Durststrecke bevor. Danke, dass wir euch das so offen sagen d\u00fcrfen. Wir erleben, wie Jesus uns auf unglaubliche Weise durchtr\u00e4gt, so dass auch wir Verantwortliche (meistens) gut schlafen k\u00f6nnen!<br>&nbsp;<\/li><li>Langsam \u2013 und sehr differenziert \u2013 geht es wieder los:<ul><li>In Kroatien haben wir kleine lokale Gruppen gefunden, die ab 4.6. ins Haus kommen (wir wollten ja gerne Freizeiten anbieten, aber durch die Reisewarnung und geschlossene Grenzen ist das leider derzeit noch nicht machbar. Die erste deutsche Gruppe kommt voraussichtlich Mitte Juli.<\/li><li>Im Bergfrieden wird es am 30.5. wieder losgehen k\u00f6nnen.<\/li><li>Am Forggensee kommt am 2.6. die erste kleinere Gruppe.<\/li><li>Auf Pellworm \u00f6ffnen wir am 6.6. wieder.<\/li><li>In K\u00e4rnten wird das Saison-\u00d6ffnungsteam am 15. Juni starten, alles f\u00fcr kommende Gruppen und Freizeiten herzurichten<\/li><li>Kinder- und Jugendfreizeiten wird es vor den Sommerferien nicht geben, deshalb haben wir in Friolzheim fr\u00fchestens nach den Pfingstferien wieder die erste Belegung.<br>&nbsp;<\/li><\/ul><\/li><li>Nat\u00fcrlich ist der Betrieb in den Freizeith\u00e4usern sehr eingeschr\u00e4nkt (Abstandsgebot, Maskenpflicht bzw. -empfehlung usw.), so dass wir die H\u00e4user bei weitem nicht voll belegen k\u00f6nnen \u2013 und wir werden auch deutlich weniger Gruppen\/Freizeiten haben.<\/li><li>Die Gemeinden in unserem Verband verantworten ihre Arbeit ja weitgehend selbst. Wir ermutigen alle, bei evtl. Lockerungen f\u00fcr Gemeindeveranstaltungen sehr geduldig vorzugehen. Wir verstehen sehr gut, dass viele wieder zur Normalit\u00e4t \u00fcbergehen wollen. Das wollten wir auch am liebsten. Bisher sind nur Gottesdienste unter Auflagen wieder m\u00f6glich. Kleingruppen, in denen die Hygiene- und Abstandsregeln nicht eingehalten werden k\u00f6nnen (Jugendkreise, Hauskreise, und nat\u00fcrlich Jungscharen und Kinderstunden gehen noch nicht.) Treffen in Gemeinder\u00e4umen, in denen Abstand gehalten werden kann, sind unter Einhaltung eines Infektionsschutzkonzept mit Einschr\u00e4nkungen wieder m\u00f6glich.<br>Der Fall der Gemeinde in Frankfurt mahnt uns zur Vorsicht! Wichtig ist, dass wir uns wirklich streng an die Vorgaben halten: Maskenpflicht, kein Singen, Abstand halten (auch wenn\u2019s uns zu den Ohren rauskommt).<br><br>Wir werden in ein paar Monaten wahrscheinlich viel einander verzeihen m\u00fcssen.\u201c<br><br>Eine Sache ist uns noch sehr wichtig in der Corona-Zeit: Die lange Corona-Zeit \u2013 und ein Ende ist noch nicht abzusehen \u2013 hat das Potenzial, Gemeinschaft zu spalten. Das sehen wir in unserer Gesellschaft zunehmend deutlich. Wir sehen die Gefahr auch in unseren Gemeinden. Meinungsverschiedenheiten werden immer offensichtlicher und auch immer vehementer vorgetragen. Die einen wollen schnell lockern, die andern sind vorsichtig. Die einen nehmen das Virus sehr ernst, die andern sehen es gelassen. Beides kommt oft mit dem Ton der sichersten \u00dcberzeugung daher. Und beides wird gut geistlich begr\u00fcndet. Nur \u2013 wer will heute sagen, wer Recht hat? Das wird erst die Zukunft erweisen. Und: Hinterher sind wir alle kl\u00fcger. Dumm nur, dass nicht in der Zukunft r\u00fcckblickend entschieden werden muss, sondern heute. Wir k\u00f6nnen als Gemeinde eine \u201eGegenkultur\u201c bilden und uns nicht reinziehen lassen in die beginnende Spaltung der Gesellschaft und in die Verh\u00e4rtung der Fronten. Wir wollen beieinanderbleiben, auch bei gegens\u00e4tzlichen Ansichten, wie in dieser Krise verfahren werden soll.<br><br>Wir erleben, dass Erwartungshaltungen gegen\u00fcber \u201eder Gemeinde\u201c (wer ist eigentlich \u201edie Gemeinde\u201c?) \u2013 und deren Verantwortlichen immer gr\u00f6\u00dfer werden. Aber Verantwortung k\u00f6nnen wir nur alle gemeinsam tragen. Jeder hat die Verantwortung, den andern nicht aus dem Blick zu verlieren, anzurufen, einen Spaziergang (mit Abstand) zu machen. Das kann kein Gemeindeleiter alleine tun. Jeder hat auch die Verantwortung, sich zu melden, wenn er Hilfe und Ansprache braucht. Warten, bis jemand bei mir nachfragt, gilt nicht! Lasst uns gn\u00e4dig miteinander umgehen in einer Zeit, die uns alle \u00fcberfordert. Bitte denkt dran: Auch die \u00c4ltesten der Gemeinden haben z.T. Kinder, deren Homeschooling auch die Eltern an den Rand ihrer Kr\u00e4fte bringt. Auch Verantwortliche haben N\u00f6te, wenn sie an die Zukunft ihres Arbeitslebens und an wirtschaftliche Herausforderungen denken. Auch vollzeitliche Mitarbeiter haben Angeh\u00f6rige in Altersheimen und leiden unter der Trennung. Wir wollen nur&nbsp;<em>eine<\/em>&nbsp;Erwartungshaltung haben: Die Erwartung an mich selbst, das zu tun, was der Herr Jesus jetzt von mir getan haben m\u00f6chte. Der Bundesgesundheitsminister sagte einen der weisesten S\u00e4tze, die ich in diesen Monaten h\u00f6rte: \u201eWir werden in ein paar Monaten wahrscheinlich viel einander verzeihen m\u00fcssen.\u201c Wenn er denn recht hat \u2013 und ich zweifle nicht daran \u2013 dann m\u00f6chte ich heute damit beginnen. Warum erst in ein paar Monaten?<\/li><\/ul>\n\n\n\n<h3 class=\"wp-block-heading\">Informationen zum Christustag<\/h3>\n\n\n\n<p class=\"wp-block-paragraph\"><strong>Im Zweifel Jesus! \u2013 CHRISTUSTAG:Digital<\/strong><br>Der Christustag 2020 findet am 11. Juni 2020 ab 09:30 Uhr als&nbsp;<strong>CHRISTUSTAG:Digital<\/strong>mit dem Thema \u201eIm Zweifel: Jesus!\u201c statt und ist \u00fcber<a rel=\"noreferrer noopener\" href=\"http:\/\/www.christustag.de\/\" target=\"_blank\">www.christustag.de<\/a>, ERF Plus und BibelTV zu sehen. Parallel ist der CHRISTUSTAG:<strong>KIDs<\/strong>&nbsp;\u00fcber YouTube erlebbar.<\/p>\n\n\n\n<p class=\"wp-block-paragraph\">Der neue Vorsitzende der ChristusBewegung in W\u00fcrttemberg, Pfr. Dr. Friedemann Kuttler, wird die Predigt halten. Wir empfehlen, ihn kennenzulernen! Einige weitere Veranstaltungen werden angeboten. N\u00e4here Infos hier:&nbsp;<a href=\"https:\/\/christusbund.us20.list-manage.com\/track\/click?u=6dc1f26c013aa7252b5fd723d&amp;id=35bd2cef70&amp;e=28823ce015\">www.christustag.de<\/a>.<\/p>\n\n\n\n<h3 class=\"wp-block-heading\">Informationen zu unseren Freizeith\u00e4usern<\/h3>\n\n\n\n<p class=\"wp-block-paragraph\">In unserem&nbsp;<strong>Freizeitheim \u201eSchlossvilla<\/strong>\u201c am Millst\u00e4tter See werden vom 15. bis 19. Juni einige Mitarbeiter das Freizeitheim f\u00fcr die Saison 2020 herrichten. Bitte denkt im Gebet daran.<\/p>\n\n\n\n<p class=\"wp-block-paragraph\">Im&nbsp;<strong>Freizeitheim Forggensee<\/strong>&nbsp;n\u00fctzen wir die Corona bedingte g\u00e4stefreie Zeit um Zimmer 3 + 4 grundlegend zu renovieren. Dabei werden in beide Zimmer B\u00e4der mit Dusche und WC eingebaut. Bitte betet f\u00fcr erfolgreiches und unfallfreies Arbeiten.<\/p>\n\n\n\n<p class=\"wp-block-paragraph\">Wir sind dankbar, dass auch im&nbsp;<strong>FreizeitheimPellworm<\/strong>&nbsp;die Sanierung des hinteren Hauses in den letzten Tagen fertiggestellt werden konnte. Das gesamte G\u00e4stehaus wurde innen saniert. Wir danken f\u00fcr zielf\u00fchrende Zusammenarbeit mit den \u00f6rtlichen Handwerkern, das gute Gelingen der Arbeiten und f\u00fcr Bewahrung auf den vielen Fahrten. Ohne die vielen ehrenamtlichen Fachkr\u00e4fte und Helfer, die Zeit, Kraft und Wissen eingesetzt haben, w\u00e4ren diese umfangreichen Aktionen nicht m\u00f6glich gewesen.<\/p>\n\n\n\n<h3 class=\"wp-block-heading\">Informationen aus unserer Freizeit- und Seminararbeit<\/h3>\n\n\n\n<p class=\"wp-block-paragraph\"><strong>AKTUELL: Israelwoche in Oberstdorf<\/strong>&nbsp;mit Johannes Pflaum, CH-Neu St. Johann. Herzliche Einladung in das G\u00e4stehaus Bergfrieden, das seit dem 30. Mai unter Einhaltung der geltenden Verordnungen wieder ge\u00f6ffnet hat. Von&nbsp;<strong>Sonntag<\/strong><strong>14.06.2020 bis Samstag 20.06.2020<\/strong>&nbsp;wird Johannes Pflaum (Bibellehrer und Buchautor), der schon 2019 zum Israel-Forum beim Christusbund zu Gast war, an den Vormittagen das Thema&nbsp;<strong>\u201eJosia \u2013 der letzte Glaubensk\u00f6nig in Juda\u201c<\/strong>behandeln. An den Abenden gibt es aktuelle Israelvortr\u00e4ge, die Einblick geben in Verhei\u00dfung und Erf\u00fcllung von Gottes Heilsgeschichte mit seinem Volk. Wir sind Johannes Pflaum dankbar, dass er kurzfristig diese Israelwoche anstelle von Rainer Schmidt (Jerusalem) \u00fcbernommen hat,&nbsp;der auf Grund der noch geltenden Reisebeschr\u00e4nkungen leider nicht aus Israel anreisen kann. Anmeldung unter:&nbsp;<a href=\"https:\/\/christusbund.us20.list-manage.com\/track\/click?u=6dc1f26c013aa7252b5fd723d&amp;id=498feaca9b&amp;e=28823ce015\">http:\/\/www.christusbund.de\/freizeiten\/details?fid=20bft20<\/a><\/p>\n\n\n\n<p class=\"wp-block-paragraph\">Bitte unterst\u00fctzt unsere Mitarbeiter und G\u00e4ste auf folgenden Freizeiten im Gebet:<br><br><\/p>\n\n\n\n<figure class=\"wp-block-table\"><table class=\"table table-hover\"><tbody><tr><td><strong>Termin<\/strong><\/td><td><strong>Freizeitort, Zielgruppe<\/strong><\/td><td><strong>Freizeitleiter<\/strong><\/td><td><strong>Bibelarbeit<\/strong><\/td><\/tr><tr><td><strong>30.05.-<br>05.06.<\/strong><\/td><td>Oberstdorf 1 Jedermann<\/td><td>Wolfgang Maisch<\/td><td>Albrecht Wandel<\/td><\/tr><tr><td><strong>05.06.-<br>11.06.<\/strong><\/td><td>Oberstdorf 2 Jedermann<\/td><td>Heiner M\u00fcller<\/td><td>Albrecht Wandel<\/td><\/tr><tr><td><strong>06.06.-<br>13.06.<\/strong><\/td><td>Pellworm Woche 2 Jedermann<\/td><td>Timo Polzer<\/td><td>Stefan Henger<\/td><\/tr><tr><td><strong>11.06.-<br>14.06.<\/strong><\/td><td>Siegerland Motorrad<\/td><td>Hans Pfau<\/td><td>Hans Pfau<\/td><\/tr><tr><td><strong>14.06.-<br>20.06.<\/strong><\/td><td>Oberstdorf Israelwoche<\/td><td>Alexander G\u00fcnter<\/td><td>Johannes Pflaum<\/td><\/tr><tr><td><strong>19.06.-<br>21.06.<\/strong><\/td><td>Mitarbeiterseminar Familienfreizeiten<\/td><td colspan=\"2\">Erika Bronner, Mirko Lau, Gaspare Paolucci, Esther und Sabine Schietinger, Christine Sporberg,<\/td><\/tr><tr><td><strong>20.06.-<br>27.06.<\/strong><\/td><td>Millst\u00e4tter See Mountainbike<\/td><td>Dr. Helmut Haas<\/td><td>Manfred Schiller<\/td><\/tr><tr><td><strong>20.06.-<br>27.06.<\/strong><\/td><td>Pellworm Woche 3 Jedermann<\/td><td>Otto Bubeck<\/td><td>Friedhelm Schr\u00f6der<\/td><\/tr><tr><td><strong>26.06.-<br>28.06.<\/strong><\/td><td>Dynamis \u2013 online<\/td><td>Mirko Lau &amp; Team<\/td><td>Lukas Herbst<\/td><\/tr><tr><td><strong>26.06.-<br>01.07.<\/strong><\/td><td>Oberstdorf Wanderwoche f\u00fcr Frauen<\/td><td>Ute Palmer<\/td><td>Amrei Wehmeyer<\/td><\/tr><tr><td><strong>27.06.-<br>04.07.<\/strong><\/td><td>Pellworm Woche 4 Jedermann<\/td><td>Otto Bubeck<\/td><td>Detlef Gerhard<\/td><\/tr><\/tbody><\/table><\/figure>\n\n\n\n<h3 class=\"wp-block-heading\">Informationen aus dem Verband und den Bezirken<\/h3>\n\n\n\n<p class=\"wp-block-paragraph\"><strong>Dietrich Mang beendet seinen hauptamtlichen Dienst im Christusbund<\/strong><br>Zum 1. Juli 2020 hat Dietrich eine Berufung als Direktor am BibelStudienKolleg angenommen. Viele von euch haben es sicher schon gelesen. Eine Entscheidung, die wir so mittragen im Wissen, dass der Herr die Wege lenkt. Dietrich hat in den genau drei Jahren seines vollzeitlichen Dienstes als Gesch\u00e4ftsf\u00fchrer bei uns viele Baustellen beackert und vorangebracht wie Datenschutz, Arbeitsschutz, \u00c4nderungen in der Buchhaltung, weitgehend automatisierte Freizeitverwaltung \u2026 Daf\u00fcr sind wir sehr dankbar. Vieles davon ist zu einem vorl\u00e4ufigen Abschluss bekommen, so dass wir auf dieser Grundlage gut weiterarbeiten k\u00f6nnen. Ein Gro\u00dfprojekt Dietrichs war nun die Corona-Krise und die Auswirkung auf unsere H\u00e4user und unsere Kasse. Leider ist das Projekt noch nicht beendet. Das bleibt uns und ihm noch eine Weile. Voraussichtlich bis Ende November wird Dietrich noch ehrenamtlicher Kassier in unserem Verband bleiben.<br>Nat\u00fcrlich sind wir auf der Suche nach einem neuen verantwortlichen Mitarbeiter in unserer Verwaltung. Danke, wenn ihr daf\u00fcr betet.<br>Dietrich danken wir sehr f\u00fcr seinen Einsatz, f\u00fcr das gute Miteinander und f\u00fcr die Bruderschaft auf dem gemeinsamen Weg. Gottes Leitung und Begleitung dir in der neuen Aufgabe!<\/p>\n\n\n\n<p class=\"wp-block-paragraph\"><strong>Dynamis 2020 \u2013 online<\/strong><br>Anders als sonst und anders als wir es bis Anfang Mai auch schon fertig geplant hatten, aber&nbsp;<strong>DYNAMIS findet<\/strong><strong>vom 26. bis 28. Juni statt<\/strong>&nbsp;und zwar dieses Jahr&nbsp;<strong>als Livestream.<\/strong>&nbsp;Am Freitag- und Samstagabend um 19:30 Uhr und am Sonntag um 14:30 Uhr wollen wir unsere Hauptveranstaltungen von Friolzheim aus senden, au\u00dferdem am Samstag um 14:00 Uhr und 16:00 Uhr jeweils drei Seminare zur Auswahl. Weitere Angebote sind in der \u00dcberlegung. Dankt mit, dass wir grunds\u00e4tzlich alles soweit haben, was wir f\u00fcr diese Veranstaltungen brauchen, z.B. Mitarbeiter und Technik. Betet aber auch, dass viele kleine Detail- und Mitarbeiterl\u00fccken noch geschlossen werden k\u00f6nnen, damit wir auch die einzelnen Programmpunkte so durchf\u00fchren k\u00f6nnen, wie wir es geplant haben. Und dann betet mit, dass Dynamis Gott ehrt und uns st\u00e4rkt.<\/p>\n\n\n\n<p class=\"wp-block-paragraph\"><strong>Termine<\/strong><br>04.06.<strong>&nbsp; &nbsp; &nbsp; &nbsp; &nbsp; &nbsp; &nbsp; &nbsp; &nbsp; &nbsp;Verbandsvorstands-Sitzung<\/strong>&nbsp;(19:00h)<br>09.06.&nbsp; &nbsp; &nbsp; &nbsp; &nbsp; &nbsp; &nbsp; &nbsp; &nbsp; &nbsp;Sitzung des&nbsp;<strong>Technischen Ausschusses<\/strong>&nbsp;(18:00h)<br>26.06.-28.06.<strong>&nbsp; &nbsp; &nbsp;   Dynamis Home Edition<\/strong>&nbsp;(Livestream)<\/p>\n\n\n\n<p class=\"wp-block-paragraph\">Vielen Dank f\u00fcr all euer Mit-Denken und Mit-Beten f\u00fcr die verschiedenen Dinge, die in unserem Verband, Bezirken und Gemeinschaften laufen.<\/p>\n\n\n\n<p class=\"wp-block-paragraph\">Im Namen des Christusbund-Vorstandes gr\u00fc\u00dft herzlich<br>Matthias K\u00f6hler<\/p>\n","protected":false},"excerpt":{"rendered":"<p>Wichtiger Hinweis: Informationen zur rechtlichen Lage in diesem Beitrag k\u00f6nnen ggf. veraltet sein. Bitte beachten Sie die aktuellen Anweisungen der zust\u00e4ndigen Beh\u00f6rden. Du allein kennst das Herz aller Menschenkinder. 1. K\u00f6nige 8,39 Liebe Infomail-Leser, wie immer hier ein paar kurze [&hellip;]<\/p>\n","protected":false},"author":2,"featured_media":0,"comment_status":"closed","ping_status":"closed","sticky":false,"template":"","format":"standard","meta":{"footnotes":""},"categories":[3],"tags":[],"class_list":["post-486","post","type-post","status-publish","format-standard","hentry","category-info-mail"],"publishpress_future_action":{"enabled":false,"date":"2026-09-13 00:33:27","action":"change-status","newStatus":"draft","terms":[],"taxonomy":"category","extraData":[]},"publishpress_future_workflow_manual_trigger":{"enabledWorkflows":[]},"_links":{"self":[{"href":"https:\/\/www.christusbund.de\/news\/wp-json\/wp\/v2\/posts\/486","targetHints":{"allow":["GET"]}}],"collection":[{"href":"https:\/\/www.christusbund.de\/news\/wp-json\/wp\/v2\/posts"}],"about":[{"href":"https:\/\/www.christusbund.de\/news\/wp-json\/wp\/v2\/types\/post"}],"author":[{"embeddable":true,"href":"https:\/\/www.christusbund.de\/news\/wp-json\/wp\/v2\/users\/2"}],"replies":[{"embeddable":true,"href":"https:\/\/www.christusbund.de\/news\/wp-json\/wp\/v2\/comments?post=486"}],"version-history":[{"count":10,"href":"https:\/\/www.christusbund.de\/news\/wp-json\/wp\/v2\/posts\/486\/revisions"}],"predecessor-version":[{"id":531,"href":"https:\/\/www.christusbund.de\/news\/wp-json\/wp\/v2\/posts\/486\/revisions\/531"}],"wp:attachment":[{"href":"https:\/\/www.christusbund.de\/news\/wp-json\/wp\/v2\/media?parent=486"}],"wp:term":[{"taxonomy":"category","embeddable":true,"href":"https:\/\/www.christusbund.de\/news\/wp-json\/wp\/v2\/categories?post=486"},{"taxonomy":"post_tag","embeddable":true,"href":"https:\/\/www.christusbund.de\/news\/wp-json\/wp\/v2\/tags?post=486"}],"curies":[{"name":"wp","href":"https:\/\/api.w.org\/{rel}","templated":true}]}}